{"id":254,"date":"2017-09-22T05:33:25","date_gmt":"2017-09-22T04:33:25","guid":{"rendered":"http:\/\/www.labbz.it\/?p=254"},"modified":"2017-09-22T05:33:25","modified_gmt":"2017-09-22T04:33:25","slug":"nasce-lab-la-rete-per-un-territorio-da-vivere","status":"publish","type":"post","link":"http:\/\/www.labbz.it\/wp\/2017\/09\/22\/nasce-lab-la-rete-per-un-territorio-da-vivere\/","title":{"rendered":"nasce lab+, la rete per un territorio da vivere"},"content":{"rendered":"<p>nasce lab+, un laboratorio urbano di Bolzano, Merano e Bressanone per fare rete per contribuire allo sviluppo della citt\u00e0 (&#8220;S\u00fcdtiroler Netzwerk f\u00fcr lebendige St\u00e4dte und D\u00f6rfer&#8221;). Proposte anche sul Piano di mobilit\u00e0 provinciale e sulla nuova legge urbanistica. <a href=\"https:\/\/www.salto.bz\/de\/article\/20092017\/la-politica-non-ci-ignori\" target=\"_blank\" rel=\"noopener noreferrer\">Leggi pi\u00f9&#8230;<\/a><\/p>\n","protected":false},"excerpt":{"rendered":"<p>nasce lab+, un laboratorio urbano di Bolzano, Merano e Bressanone per fare rete per contribuire allo sviluppo della citt\u00e0 (&#8220;S\u00fcdtiroler Netzwerk f\u00fcr lebendige St\u00e4dte und D\u00f6rfer&#8221;). Proposte anche sul Piano di mobilit\u00e0 provinciale e sulla nuova legge urbanistica. Leggi pi\u00f9&#8230;<\/p>\n","protected":false},"author":2,"featured_media":255,"comment_status":"closed","ping_status":"open","sticky":false,"template":"","format":"standard","meta":{"footnotes":""},"categories":[15],"tags":[],"class_list":["post-254","post","type-post","status-publish","format-standard","has-post-thumbnail","hentry","category-network"],"yoast_head":"<!-- This site is optimized with the Yoast SEO plugin v26.7 - https:\/\/yoast.com\/wordpress\/plugins\/seo\/ -->\n<title>nasce lab+, la rete per un territorio da vivere - lab:bz<\/title>\n<meta name=\"robots\" content=\"index, follow, max-snippet:-1, max-image-preview:large, max-video-preview:-1\" \/>\n<link rel=\"canonical\" href=\"http:\/\/www.labbz.it\/wp\/2017\/09\/22\/nasce-lab-la-rete-per-un-territorio-da-vivere\/\" \/>\n<meta property=\"og:locale\" content=\"en_GB\" \/>\n<meta property=\"og:type\" content=\"article\" \/>\n<meta property=\"og:title\" content=\"nasce lab+, la rete per un territorio da vivere - lab:bz\" \/>\n<meta property=\"og:description\" content=\"nasce lab+, un laboratorio urbano di Bolzano, Merano e Bressanone per fare rete per contribuire allo sviluppo della citt\u00e0 (&#8220;S\u00fcdtiroler Netzwerk f\u00fcr lebendige St\u00e4dte und D\u00f6rfer&#8221;). Proposte anche sul Piano di mobilit\u00e0 provinciale e sulla nuova legge urbanistica. Leggi pi\u00f9&#8230;\" \/>\n<meta property=\"og:url\" content=\"http:\/\/www.labbz.it\/wp\/2017\/09\/22\/nasce-lab-la-rete-per-un-territorio-da-vivere\/\" \/>\n<meta property=\"og:site_name\" content=\"lab:bz\" \/>\n<meta property=\"article:published_time\" content=\"2017-09-22T04:33:25+00:00\" \/>\n<meta property=\"og:image\" content=\"http:\/\/www.labbz.it\/wp\/wp-content\/uploads\/2017\/09\/20170920_1013_IMG_9493k.jpg\" \/>\n\t<meta property=\"og:image:width\" content=\"800\" \/>\n\t<meta property=\"og:image:height\" content=\"600\" \/>\n\t<meta property=\"og:image:type\" content=\"image\/jpeg\" \/>\n<meta name=\"author\" content=\"Bernhard Oberrauch\" \/>\n<meta name=\"twitter:card\" content=\"summary_large_image\" \/>\n<meta name=\"twitter:label1\" content=\"Written by\" \/>\n\t<meta name=\"twitter:data1\" content=\"Bernhard Oberrauch\" \/>\n<script type=\"application\/ld+json\" class=\"yoast-schema-graph\">{\"@context\":\"https:\/\/schema.org\",\"@graph\":[{\"@type\":\"Article\",\"@id\":\"http:\/\/www.labbz.it\/wp\/2017\/09\/22\/nasce-lab-la-rete-per-un-territorio-da-vivere\/#article\",\"isPartOf\":{\"@id\":\"http:\/\/www.labbz.it\/wp\/2017\/09\/22\/nasce-lab-la-rete-per-un-territorio-da-vivere\/\"},\"author\":{\"name\":\"Bernhard Oberrauch\",\"@id\":\"http:\/\/www.labbz.it\/wp\/#\/schema\/person\/7f298a9c58d82fcc048f69a15867283d\"},\"headline\":\"nasce lab+, la rete per un territorio da vivere\",\"datePublished\":\"2017-09-22T04:33:25+00:00\",\"mainEntityOfPage\":{\"@id\":\"http:\/\/www.labbz.it\/wp\/2017\/09\/22\/nasce-lab-la-rete-per-un-territorio-da-vivere\/\"},\"wordCount\":53,\"image\":{\"@id\":\"http:\/\/www.labbz.it\/wp\/2017\/09\/22\/nasce-lab-la-rete-per-un-territorio-da-vivere\/#primaryimage\"},\"thumbnailUrl\":\"http:\/\/www.labbz.it\/wp\/wp-content\/uploads\/2017\/09\/20170920_1013_IMG_9493k.jpg\",\"articleSection\":[\"network\"],\"inLanguage\":\"en-GB\"},{\"@type\":\"WebPage\",\"@id\":\"http:\/\/www.labbz.it\/wp\/2017\/09\/22\/nasce-lab-la-rete-per-un-territorio-da-vivere\/\",\"url\":\"http:\/\/www.labbz.it\/wp\/2017\/09\/22\/nasce-lab-la-rete-per-un-territorio-da-vivere\/\",\"name\":\"nasce lab+, la rete per un territorio da vivere - lab:bz\",\"isPartOf\":{\"@id\":\"http:\/\/www.labbz.it\/wp\/#website\"},\"primaryImageOfPage\":{\"@id\":\"http:\/\/www.labbz.it\/wp\/2017\/09\/22\/nasce-lab-la-rete-per-un-territorio-da-vivere\/#primaryimage\"},\"image\":{\"@id\":\"http:\/\/www.labbz.it\/wp\/2017\/09\/22\/nasce-lab-la-rete-per-un-territorio-da-vivere\/#primaryimage\"},\"thumbnailUrl\":\"http:\/\/www.labbz.it\/wp\/wp-content\/uploads\/2017\/09\/20170920_1013_IMG_9493k.jpg\",\"datePublished\":\"2017-09-22T04:33:25+00:00\",\"author\":{\"@id\":\"http:\/\/www.labbz.it\/wp\/#\/schema\/person\/7f298a9c58d82fcc048f69a15867283d\"},\"breadcrumb\":{\"@id\":\"http:\/\/www.labbz.it\/wp\/2017\/09\/22\/nasce-lab-la-rete-per-un-territorio-da-vivere\/#breadcrumb\"},\"inLanguage\":\"en-GB\",\"potentialAction\":[{\"@type\":\"ReadAction\",\"target\":[\"http:\/\/www.labbz.it\/wp\/2017\/09\/22\/nasce-lab-la-rete-per-un-territorio-da-vivere\/\"]}]},{\"@type\":\"ImageObject\",\"inLanguage\":\"en-GB\",\"@id\":\"http:\/\/www.labbz.it\/wp\/2017\/09\/22\/nasce-lab-la-rete-per-un-territorio-da-vivere\/#primaryimage\",\"url\":\"http:\/\/www.labbz.it\/wp\/wp-content\/uploads\/2017\/09\/20170920_1013_IMG_9493k.jpg\",\"contentUrl\":\"http:\/\/www.labbz.it\/wp\/wp-content\/uploads\/2017\/09\/20170920_1013_IMG_9493k.jpg\",\"width\":800,\"height\":600},{\"@type\":\"BreadcrumbList\",\"@id\":\"http:\/\/www.labbz.it\/wp\/2017\/09\/22\/nasce-lab-la-rete-per-un-territorio-da-vivere\/#breadcrumb\",\"itemListElement\":[{\"@type\":\"ListItem\",\"position\":1,\"name\":\"Home\",\"item\":\"http:\/\/www.labbz.it\/wp\/\"},{\"@type\":\"ListItem\",\"position\":2,\"name\":\"nasce lab+, la rete per un territorio da vivere\"}]},{\"@type\":\"WebSite\",\"@id\":\"http:\/\/www.labbz.it\/wp\/#website\",\"url\":\"http:\/\/www.labbz.it\/wp\/\",\"name\":\"lab:bz\",\"description\":\"offenes Stadtlabor Bozen \u2013 Bolzano laboratorio aperto\",\"potentialAction\":[{\"@type\":\"SearchAction\",\"target\":{\"@type\":\"EntryPoint\",\"urlTemplate\":\"http:\/\/www.labbz.it\/wp\/?s={search_term_string}\"},\"query-input\":{\"@type\":\"PropertyValueSpecification\",\"valueRequired\":true,\"valueName\":\"search_term_string\"}}],\"inLanguage\":\"en-GB\"},{\"@type\":\"Person\",\"@id\":\"http:\/\/www.labbz.it\/wp\/#\/schema\/person\/7f298a9c58d82fcc048f69a15867283d\",\"name\":\"Bernhard Oberrauch\",\"image\":{\"@type\":\"ImageObject\",\"inLanguage\":\"en-GB\",\"@id\":\"http:\/\/www.labbz.it\/wp\/#\/schema\/person\/image\/\",\"url\":\"https:\/\/secure.gravatar.com\/avatar\/1a7658518c80808548247d9176f5b87aed4ffb27797a3b8bf85c88e996849bed?s=96&d=mm&r=g\",\"contentUrl\":\"https:\/\/secure.gravatar.com\/avatar\/1a7658518c80808548247d9176f5b87aed4ffb27797a3b8bf85c88e996849bed?s=96&d=mm&r=g\",\"caption\":\"Bernhard Oberrauch\"},\"url\":\"http:\/\/www.labbz.it\/wp\/author\/bernhard\/\"}]}<\/script>\n<!-- \/ Yoast SEO plugin. -->","yoast_head_json":{"title":"nasce lab+, la rete per un territorio da vivere - lab:bz","robots":{"index":"index","follow":"follow","max-snippet":"max-snippet:-1","max-image-preview":"max-image-preview:large","max-video-preview":"max-video-preview:-1"},"canonical":"http:\/\/www.labbz.it\/wp\/2017\/09\/22\/nasce-lab-la-rete-per-un-territorio-da-vivere\/","og_locale":"en_GB","og_type":"article","og_title":"nasce lab+, la rete per un territorio da vivere - lab:bz","og_description":"nasce lab+, un laboratorio urbano di Bolzano, Merano e Bressanone per fare rete per contribuire allo sviluppo della citt\u00e0 (&#8220;S\u00fcdtiroler Netzwerk f\u00fcr lebendige St\u00e4dte und D\u00f6rfer&#8221;). Proposte anche sul Piano di mobilit\u00e0 provinciale e sulla nuova legge urbanistica. Leggi pi\u00f9&#8230;","og_url":"http:\/\/www.labbz.it\/wp\/2017\/09\/22\/nasce-lab-la-rete-per-un-territorio-da-vivere\/","og_site_name":"lab:bz","article_published_time":"2017-09-22T04:33:25+00:00","og_image":[{"width":800,"height":600,"url":"http:\/\/www.labbz.it\/wp\/wp-content\/uploads\/2017\/09\/20170920_1013_IMG_9493k.jpg","type":"image\/jpeg"}],"author":"Bernhard Oberrauch","twitter_card":"summary_large_image","twitter_misc":{"Written by":"Bernhard Oberrauch"},"schema":{"@context":"https:\/\/schema.org","@graph":[{"@type":"Article","@id":"http:\/\/www.labbz.it\/wp\/2017\/09\/22\/nasce-lab-la-rete-per-un-territorio-da-vivere\/#article","isPartOf":{"@id":"http:\/\/www.labbz.it\/wp\/2017\/09\/22\/nasce-lab-la-rete-per-un-territorio-da-vivere\/"},"author":{"name":"Bernhard Oberrauch","@id":"http:\/\/www.labbz.it\/wp\/#\/schema\/person\/7f298a9c58d82fcc048f69a15867283d"},"headline":"nasce lab+, la rete per un territorio da vivere","datePublished":"2017-09-22T04:33:25+00:00","mainEntityOfPage":{"@id":"http:\/\/www.labbz.it\/wp\/2017\/09\/22\/nasce-lab-la-rete-per-un-territorio-da-vivere\/"},"wordCount":53,"image":{"@id":"http:\/\/www.labbz.it\/wp\/2017\/09\/22\/nasce-lab-la-rete-per-un-territorio-da-vivere\/#primaryimage"},"thumbnailUrl":"http:\/\/www.labbz.it\/wp\/wp-content\/uploads\/2017\/09\/20170920_1013_IMG_9493k.jpg","articleSection":["network"],"inLanguage":"en-GB"},{"@type":"WebPage","@id":"http:\/\/www.labbz.it\/wp\/2017\/09\/22\/nasce-lab-la-rete-per-un-territorio-da-vivere\/","url":"http:\/\/www.labbz.it\/wp\/2017\/09\/22\/nasce-lab-la-rete-per-un-territorio-da-vivere\/","name":"nasce lab+, la rete per un territorio da vivere - lab:bz","isPartOf":{"@id":"http:\/\/www.labbz.it\/wp\/#website"},"primaryImageOfPage":{"@id":"http:\/\/www.labbz.it\/wp\/2017\/09\/22\/nasce-lab-la-rete-per-un-territorio-da-vivere\/#primaryimage"},"image":{"@id":"http:\/\/www.labbz.it\/wp\/2017\/09\/22\/nasce-lab-la-rete-per-un-territorio-da-vivere\/#primaryimage"},"thumbnailUrl":"http:\/\/www.labbz.it\/wp\/wp-content\/uploads\/2017\/09\/20170920_1013_IMG_9493k.jpg","datePublished":"2017-09-22T04:33:25+00:00","author":{"@id":"http:\/\/www.labbz.it\/wp\/#\/schema\/person\/7f298a9c58d82fcc048f69a15867283d"},"breadcrumb":{"@id":"http:\/\/www.labbz.it\/wp\/2017\/09\/22\/nasce-lab-la-rete-per-un-territorio-da-vivere\/#breadcrumb"},"inLanguage":"en-GB","potentialAction":[{"@type":"ReadAction","target":["http:\/\/www.labbz.it\/wp\/2017\/09\/22\/nasce-lab-la-rete-per-un-territorio-da-vivere\/"]}]},{"@type":"ImageObject","inLanguage":"en-GB","@id":"http:\/\/www.labbz.it\/wp\/2017\/09\/22\/nasce-lab-la-rete-per-un-territorio-da-vivere\/#primaryimage","url":"http:\/\/www.labbz.it\/wp\/wp-content\/uploads\/2017\/09\/20170920_1013_IMG_9493k.jpg","contentUrl":"http:\/\/www.labbz.it\/wp\/wp-content\/uploads\/2017\/09\/20170920_1013_IMG_9493k.jpg","width":800,"height":600},{"@type":"BreadcrumbList","@id":"http:\/\/www.labbz.it\/wp\/2017\/09\/22\/nasce-lab-la-rete-per-un-territorio-da-vivere\/#breadcrumb","itemListElement":[{"@type":"ListItem","position":1,"name":"Home","item":"http:\/\/www.labbz.it\/wp\/"},{"@type":"ListItem","position":2,"name":"nasce lab+, la rete per un territorio da vivere"}]},{"@type":"WebSite","@id":"http:\/\/www.labbz.it\/wp\/#website","url":"http:\/\/www.labbz.it\/wp\/","name":"lab:bz","description":"offenes Stadtlabor Bozen \u2013 Bolzano laboratorio aperto","potentialAction":[{"@type":"SearchAction","target":{"@type":"EntryPoint","urlTemplate":"http:\/\/www.labbz.it\/wp\/?s={search_term_string}"},"query-input":{"@type":"PropertyValueSpecification","valueRequired":true,"valueName":"search_term_string"}}],"inLanguage":"en-GB"},{"@type":"Person","@id":"http:\/\/www.labbz.it\/wp\/#\/schema\/person\/7f298a9c58d82fcc048f69a15867283d","name":"Bernhard Oberrauch","image":{"@type":"ImageObject","inLanguage":"en-GB","@id":"http:\/\/www.labbz.it\/wp\/#\/schema\/person\/image\/","url":"https:\/\/secure.gravatar.com\/avatar\/1a7658518c80808548247d9176f5b87aed4ffb27797a3b8bf85c88e996849bed?s=96&d=mm&r=g","contentUrl":"https:\/\/secure.gravatar.com\/avatar\/1a7658518c80808548247d9176f5b87aed4ffb27797a3b8bf85c88e996849bed?s=96&d=mm&r=g","caption":"Bernhard Oberrauch"},"url":"http:\/\/www.labbz.it\/wp\/author\/bernhard\/"}]}},"_links":{"self":[{"href":"http:\/\/www.labbz.it\/wp\/wp-json\/wp\/v2\/posts\/254","targetHints":{"allow":["GET"]}}],"collection":[{"href":"http:\/\/www.labbz.it\/wp\/wp-json\/wp\/v2\/posts"}],"about":[{"href":"http:\/\/www.labbz.it\/wp\/wp-json\/wp\/v2\/types\/post"}],"author":[{"embeddable":true,"href":"http:\/\/www.labbz.it\/wp\/wp-json\/wp\/v2\/users\/2"}],"replies":[{"embeddable":true,"href":"http:\/\/www.labbz.it\/wp\/wp-json\/wp\/v2\/comments?post=254"}],"version-history":[{"count":1,"href":"http:\/\/www.labbz.it\/wp\/wp-json\/wp\/v2\/posts\/254\/revisions"}],"predecessor-version":[{"id":256,"href":"http:\/\/www.labbz.it\/wp\/wp-json\/wp\/v2\/posts\/254\/revisions\/256"}],"wp:featuredmedia":[{"embeddable":true,"href":"http:\/\/www.labbz.it\/wp\/wp-json\/wp\/v2\/media\/255"}],"wp:attachment":[{"href":"http:\/\/www.labbz.it\/wp\/wp-json\/wp\/v2\/media?parent=254"}],"wp:term":[{"taxonomy":"category","embeddable":true,"href":"http:\/\/www.labbz.it\/wp\/wp-json\/wp\/v2\/categories?post=254"},{"taxonomy":"post_tag","embeddable":true,"href":"http:\/\/www.labbz.it\/wp\/wp-json\/wp\/v2\/tags?post=254"}],"curies":[{"name":"wp","href":"https:\/\/api.w.org\/{rel}","templated":true}]}}