{"id":263,"date":"2017-10-26T21:09:43","date_gmt":"2017-10-26T20:09:43","guid":{"rendered":"http:\/\/www.labbz.it\/?p=263"},"modified":"2026-01-09T17:17:18","modified_gmt":"2026-01-09T17:17:18","slug":"grieserplatz-protest-action-gegen-durchzugs-verkehr-piazza-gries-protesta-dei-cittadini-contro-il-traffico-soffocante","status":"publish","type":"post","link":"http:\/\/www.labbz.it\/wp\/2017\/10\/26\/grieserplatz-protest-action-gegen-durchzugs-verkehr-piazza-gries-protesta-dei-cittadini-contro-il-traffico-soffocante\/","title":{"rendered":"Grieserplatz-Protest action gegen Durchzugs-Verkehr &#8211; piazza Gries- protesta dei cittadini contro il traffico soffocante"},"content":{"rendered":"<p class=\"western\" lang=\"it-IT\"><span style=\"font-family: Calibri,serif;\"><span lang=\"de-DE\"><b>Stadtviertelrat Gries-Quirein \u2013 24.10.2017<\/b><\/span><\/span><\/p>\n<p class=\"western\" lang=\"it-IT\" align=\"center\"><span style=\"font-family: Calibri,serif;\"><span style=\"font-size: large;\"><span lang=\"de-DE\"><b>Solidarit\u00e4t mit den verkehrsgeplagten B\u00fcrgerinnen &amp; B\u00fcrgern in Gries<\/b><\/span><\/span><\/span><\/p>\n<p class=\"western\" lang=\"it-IT\" align=\"justify\"><span style=\"font-family: Calibri,serif;\"><span lang=\"de-DE\">Der Stadtviertelrat Gries-Quirein hat in seiner gestrigen Sitzung <\/span><\/span><span style=\"font-family: Calibri,serif;\"><span lang=\"de-DE\"><b>einstimmig<\/b><\/span><\/span><span style=\"font-family: Calibri,serif;\"><span lang=\"de-DE\"> beschlossen, die <\/span><\/span><span style=\"font-family: Calibri,serif;\"><span lang=\"de-DE\"><b>Protestaktion vom Donnerstag 26.10, 7.20h<\/b><\/span><\/span><span style=\"font-family: Calibri,serif;\"><span lang=\"de-DE\">, gegen die unhaltbare Verkehrsbelastung im Zentrum von Gries zu unterst\u00fctzen, diese Anliegen der B\u00fcrger weiter ernst zu nehmen und sie auf politischer Ebene konsequent weiterzutragen. Zugleich erinnert der StVR an seinen eigenen Beschluss vom 20. Juni 2017, mit dem er den Bozner Stadtrat auffordert, die \u201eWesteinfahrt f\u00fcr Nicht-Bozner Fahrzeuge zu schliessen\u201c, um damit zumindest einen Teil des Duchzugsverkehrs durch Gries zu verhindern.<\/span><\/span><\/p>\n<p class=\"western\" lang=\"it-IT\" align=\"justify\"><span style=\"font-family: Calibri,serif;\"><span lang=\"en-US\"><b>Consiglio di Circoscrizione Gries-San Quirino \u2013 24.10.2017<\/b><\/span><\/span><\/p>\n<p class=\"western\" lang=\"it-IT\" align=\"justify\"><span style=\"font-family: Calibri,serif;\"><span style=\"font-size: large;\"><span lang=\"en-US\"><b>Solidariet\u00e0 con l\u2019azione di protesta dei cittadini contro il traffico soffocante<\/b><\/span><\/span><\/span><\/p>\n<p class=\"western\" lang=\"it-IT\" align=\"justify\"><span style=\"font-family: Calibri,serif;\"><span lang=\"en-US\">Nella seduta di ieri, il Consiglio di quartiere ha formalmente dichiarato \u2013 <\/span><\/span><span style=\"font-family: Calibri,serif;\"><span lang=\"en-US\"><b>all\u2019unanimit\u00e0<\/b><\/span><\/span><span style=\"font-family: Calibri,serif;\"><span lang=\"en-US\"> \u2013 di condividere ed avallare la protesta dei cittadini di Gries (di domani, ore 7.20), contro la sempre pi\u00f9 gravosa situazione del traffico nel centro di Gries e sull\u2019asse Vittorio-Veneto-San Maurizio \u2013 riaffermando inoltre il proprio impegno in questo senso a livello politico e ricordando che lo stesso Consiglio con propria mozione del 20 giugno 2017 aveva chiesto alla Giunta Comunale di ridurre <\/span>il traffico di transito attraverso questa zona intensamente popolata, limitando l\u2019accesso da ovest a Bolzanini. <\/span><\/p>\n<p class=\"western\" lang=\"it-IT\" align=\"justify\"><img loading=\"lazy\" decoding=\"async\" class=\"alignnone wp-image-265\" src=\"http:\/\/www.labbz.it\/wp\/wp-content\/uploads\/2017\/10\/20171026_0739_IMG_0056-300x225.jpg\" alt=\"\" width=\"847\" height=\"635\" srcset=\"http:\/\/www.labbz.it\/wp\/wp-content\/uploads\/2017\/10\/20171026_0739_IMG_0056-300x225.jpg 300w, http:\/\/www.labbz.it\/wp\/wp-content\/uploads\/2017\/10\/20171026_0739_IMG_0056-768x576.jpg 768w, http:\/\/www.labbz.it\/wp\/wp-content\/uploads\/2017\/10\/20171026_0739_IMG_0056-1024x768.jpg 1024w, http:\/\/www.labbz.it\/wp\/wp-content\/uploads\/2017\/10\/20171026_0739_IMG_0056-1080x810.jpg 1080w\" sizes=\"auto, (max-width: 847px) 100vw, 847px\" \/><\/p>\n<h1 class=\"western\" lang=\"it-IT\">morgendliche action am Grieserplatz war beeindruckend, gut besucht<br \/>\nu.a. (fast) alle Stadtviertelr\u00e4te dabei&#8230;.<\/h1>\n<p class=\"western\" lang=\"it-IT\" align=\"center\"><span style=\"font-family: Calibri,serif;\"><span style=\"font-size: large;\"><span lang=\"de-DE\"><b>PROTESTAKTION GEGEN DIE VERKEHRSBELASTUNG IN GRIES<\/b><\/span><\/span><\/span><\/p>\n<p class=\"western\" lang=\"it-IT\" align=\"center\"><span style=\"font-family: Calibri,serif;\"><span lang=\"de-DE\">Donnerstag, 26. Oktober 2017 \u2013 7.20 h \u2013 Grieser Platz<\/span><\/span><\/p>\n<p class=\"western\" lang=\"it-IT\" align=\"justify\"><span style=\"font-family: Calibri,serif;\"><span lang=\"de-DE\"><b>Es braucht eine verkehrsbeschr\u00e4nkende Ma\u00dfnahme, die \u201e<\/b><\/span><\/span><span style=\"font-family: Calibri,serif;\"><span lang=\"de-DE\"><i><b>das \u00dcbel an der Wurzel packt<\/b><\/i><\/span><\/span><span style=\"font-family: Calibri,serif;\"><span lang=\"de-DE\"><b>\u201c: Die Westeinfahrt muss f\u00fcr Nicht-Bozner Fahrzeuge geschlossen werden \u2013 zumindest in den Stunden des t\u00e4glichen Hauptzustroms!<\/b><\/span><\/span><\/p>\n<p class=\"western\" lang=\"it-IT\" align=\"justify\"><span style=\"font-family: Calibri,serif;\"><span lang=\"de-DE\">Denn Gries erstickt im Durchzugsverkehr. Die Sicherheit f\u00fcr Kinder, Fu\u00dfg\u00e4ngerInnen und RadfahrerInnen ist gef\u00e4hrdet \u2013 daher die Protestaktion am Donnerstag, 26. Oktober um 7.20 Uhr am Grieser Platz. Zu lange wird seitens der verantwortlichen Institutionen das Problem ignoriert. Die AnwohnerInnen werden vertr\u00f6stet oder mit absurden Ampeleinf\u00fchrungen und \u2013schaltungen wie in der Vittorio Veneto Stra\u00dfe begl\u00fcckt. <\/span><\/span><\/p>\n<p class=\"western\" lang=\"it-IT\" align=\"justify\"><span style=\"font-family: Calibri,serif;\"><span lang=\"de-DE\">Dabei geht es nicht um das Aussperren der \u00dcberetscher oder Etschtaler Pendler aus der Stadt Bozen, es geht um die <\/span><\/span><span style=\"font-family: Calibri,serif;\"><span lang=\"de-DE\"><b>Lenkung der Pendlerstr\u00f6me aus dem Westen und die gezielte, punktuelle Entlastung <\/b><\/span><\/span><span style=\"font-family: Calibri,serif;\"><span lang=\"de-DE\">einer ganz bestimmten, heute vollkommen \u00fcberlasteten, Verkehrsachse in Gries-Moritzing.<\/span><\/span><\/p>\n<p class=\"western\" lang=\"it-IT\" align=\"justify\"><span style=\"font-family: Calibri,serif;\"><span lang=\"de-DE\">Diese ist im Bozner Verkehrsplan als \u201eAnliegerstrasse\u201c eingestuft \u2013 und nicht etwa als \u201eDurchzugsstrasse\u201c: Unser Verkehrsplan lenkt die Pendlerstr\u00f6me aus dem Westen auf die Eisackuferstrasse und von dort <\/span><\/span><span style=\"font-family: Calibri,serif;\"><span lang=\"de-DE\"><i><b>\u201ekammartig\u201c<\/b><\/i><\/span><\/span><span style=\"font-family: Calibri,serif;\"><span lang=\"de-DE\"> \u00fcber die f\u00fcnf Eisackbr\u00fccken (Reschen-, Palermo-, Rom-, Virgl- und Kampillerbr\u00fccke) in die einzelnen Stadtviertel bzw. ins Stadtzentrum.<\/span><\/span><\/p>\n<p class=\"western\" lang=\"it-IT\" align=\"justify\"><span style=\"font-family: Calibri,serif;\"><span lang=\"de-DE\">Genau das ist endlich konkret umzusetzen.<\/span><\/span><\/p>\n<p class=\"western\" lang=\"it-IT\" align=\"justify\">Siehe dazu auch den Artikel in Salto.BZ <a href=\"http:\/\/www.salto.bz\/de\/article\/26102017\/protest-im-morgengrauen\" target=\"_blank\" rel=\"noopener noreferrer\">www.salto.bz\/de\/article\/26102017\/protest-im-morgengrauen<\/a><\/p>\n","protected":false},"excerpt":{"rendered":"<p>Stadtviertelrat Gries-Quirein \u2013 24.10.2017 Solidarit\u00e4t mit den verkehrsgeplagten B\u00fcrgerinnen &amp; B\u00fcrgern in Gries Der Stadtviertelrat Gries-Quirein hat in seiner gestrigen Sitzung einstimmig beschlossen, die Protestaktion vom Donnerstag 26.10, 7.20h, gegen die unhaltbare Verkehrsbelastung im Zentrum von Gries zu unterst\u00fctzen, diese Anliegen der B\u00fcrger weiter ernst zu nehmen und sie auf politischer Ebene konsequent weiterzutragen. Zugleich [&hellip;]<\/p>\n","protected":false},"author":2,"featured_media":264,"comment_status":"closed","ping_status":"open","sticky":false,"template":"","format":"standard","meta":{"footnotes":""},"categories":[8,14],"tags":[],"class_list":["post-263","post","type-post","status-publish","format-standard","has-post-thumbnail","hentry","category-mobilitat","category-sustainable-urban-planning"],"yoast_head":"<!-- This site is optimized with the Yoast SEO plugin v26.7 - https:\/\/yoast.com\/wordpress\/plugins\/seo\/ -->\n<title>Grieserplatz-Protest action gegen Durchzugs-Verkehr - piazza Gries- protesta dei cittadini contro il traffico soffocante - lab:bz<\/title>\n<meta name=\"robots\" content=\"index, follow, max-snippet:-1, max-image-preview:large, max-video-preview:-1\" \/>\n<link rel=\"canonical\" href=\"http:\/\/www.labbz.it\/wp\/2017\/10\/26\/grieserplatz-protest-action-gegen-durchzugs-verkehr-piazza-gries-protesta-dei-cittadini-contro-il-traffico-soffocante\/\" \/>\n<meta property=\"og:locale\" content=\"en_GB\" \/>\n<meta property=\"og:type\" content=\"article\" \/>\n<meta property=\"og:title\" content=\"Grieserplatz-Protest action gegen Durchzugs-Verkehr - piazza Gries- protesta dei cittadini contro il traffico soffocante - lab:bz\" \/>\n<meta property=\"og:description\" content=\"Stadtviertelrat Gries-Quirein \u2013 24.10.2017 Solidarit\u00e4t mit den verkehrsgeplagten B\u00fcrgerinnen &amp; B\u00fcrgern in Gries Der Stadtviertelrat Gries-Quirein hat in seiner gestrigen Sitzung einstimmig beschlossen, die Protestaktion vom Donnerstag 26.10, 7.20h, gegen die unhaltbare Verkehrsbelastung im Zentrum von Gries zu unterst\u00fctzen, diese Anliegen der B\u00fcrger weiter ernst zu nehmen und sie auf politischer Ebene konsequent weiterzutragen. Zugleich [&hellip;]\" \/>\n<meta property=\"og:url\" content=\"http:\/\/www.labbz.it\/wp\/2017\/10\/26\/grieserplatz-protest-action-gegen-durchzugs-verkehr-piazza-gries-protesta-dei-cittadini-contro-il-traffico-soffocante\/\" \/>\n<meta property=\"og:site_name\" content=\"lab:bz\" \/>\n<meta property=\"article:published_time\" content=\"2017-10-26T20:09:43+00:00\" \/>\n<meta property=\"article:modified_time\" content=\"2026-01-09T17:17:18+00:00\" \/>\n<meta property=\"og:image\" content=\"http:\/\/www.labbz.it\/wp\/wp-content\/uploads\/2017\/10\/20171026_0749_IMG_0073-1024x768.jpg\" \/>\n\t<meta property=\"og:image:width\" content=\"1024\" \/>\n\t<meta property=\"og:image:height\" content=\"768\" \/>\n\t<meta property=\"og:image:type\" content=\"image\/jpeg\" \/>\n<meta name=\"author\" content=\"Bernhard Oberrauch\" \/>\n<meta name=\"twitter:card\" content=\"summary_large_image\" \/>\n<meta name=\"twitter:label1\" content=\"Written by\" \/>\n\t<meta name=\"twitter:data1\" content=\"Bernhard Oberrauch\" \/>\n\t<meta name=\"twitter:label2\" content=\"Estimated reading time\" \/>\n\t<meta name=\"twitter:data2\" content=\"2 minutes\" \/>\n<script type=\"application\/ld+json\" class=\"yoast-schema-graph\">{\"@context\":\"https:\/\/schema.org\",\"@graph\":[{\"@type\":\"Article\",\"@id\":\"http:\/\/www.labbz.it\/wp\/2017\/10\/26\/grieserplatz-protest-action-gegen-durchzugs-verkehr-piazza-gries-protesta-dei-cittadini-contro-il-traffico-soffocante\/#article\",\"isPartOf\":{\"@id\":\"http:\/\/www.labbz.it\/wp\/2017\/10\/26\/grieserplatz-protest-action-gegen-durchzugs-verkehr-piazza-gries-protesta-dei-cittadini-contro-il-traffico-soffocante\/\"},\"author\":{\"name\":\"Bernhard Oberrauch\",\"@id\":\"http:\/\/www.labbz.it\/wp\/#\/schema\/person\/7f298a9c58d82fcc048f69a15867283d\"},\"headline\":\"Grieserplatz-Protest action gegen Durchzugs-Verkehr &#8211; piazza Gries- protesta dei cittadini contro il traffico soffocante\",\"datePublished\":\"2017-10-26T20:09:43+00:00\",\"dateModified\":\"2026-01-09T17:17:18+00:00\",\"mainEntityOfPage\":{\"@id\":\"http:\/\/www.labbz.it\/wp\/2017\/10\/26\/grieserplatz-protest-action-gegen-durchzugs-verkehr-piazza-gries-protesta-dei-cittadini-contro-il-traffico-soffocante\/\"},\"wordCount\":438,\"image\":{\"@id\":\"http:\/\/www.labbz.it\/wp\/2017\/10\/26\/grieserplatz-protest-action-gegen-durchzugs-verkehr-piazza-gries-protesta-dei-cittadini-contro-il-traffico-soffocante\/#primaryimage\"},\"thumbnailUrl\":\"http:\/\/www.labbz.it\/wp\/wp-content\/uploads\/2017\/10\/20171026_0749_IMG_0073.jpg\",\"articleSection\":[\"Mobilit\u00e4t\",\"sustainable urban planning\"],\"inLanguage\":\"en-GB\"},{\"@type\":\"WebPage\",\"@id\":\"http:\/\/www.labbz.it\/wp\/2017\/10\/26\/grieserplatz-protest-action-gegen-durchzugs-verkehr-piazza-gries-protesta-dei-cittadini-contro-il-traffico-soffocante\/\",\"url\":\"http:\/\/www.labbz.it\/wp\/2017\/10\/26\/grieserplatz-protest-action-gegen-durchzugs-verkehr-piazza-gries-protesta-dei-cittadini-contro-il-traffico-soffocante\/\",\"name\":\"Grieserplatz-Protest action gegen Durchzugs-Verkehr - piazza Gries- protesta dei cittadini contro il traffico soffocante - lab:bz\",\"isPartOf\":{\"@id\":\"http:\/\/www.labbz.it\/wp\/#website\"},\"primaryImageOfPage\":{\"@id\":\"http:\/\/www.labbz.it\/wp\/2017\/10\/26\/grieserplatz-protest-action-gegen-durchzugs-verkehr-piazza-gries-protesta-dei-cittadini-contro-il-traffico-soffocante\/#primaryimage\"},\"image\":{\"@id\":\"http:\/\/www.labbz.it\/wp\/2017\/10\/26\/grieserplatz-protest-action-gegen-durchzugs-verkehr-piazza-gries-protesta-dei-cittadini-contro-il-traffico-soffocante\/#primaryimage\"},\"thumbnailUrl\":\"http:\/\/www.labbz.it\/wp\/wp-content\/uploads\/2017\/10\/20171026_0749_IMG_0073.jpg\",\"datePublished\":\"2017-10-26T20:09:43+00:00\",\"dateModified\":\"2026-01-09T17:17:18+00:00\",\"author\":{\"@id\":\"http:\/\/www.labbz.it\/wp\/#\/schema\/person\/7f298a9c58d82fcc048f69a15867283d\"},\"breadcrumb\":{\"@id\":\"http:\/\/www.labbz.it\/wp\/2017\/10\/26\/grieserplatz-protest-action-gegen-durchzugs-verkehr-piazza-gries-protesta-dei-cittadini-contro-il-traffico-soffocante\/#breadcrumb\"},\"inLanguage\":\"en-GB\",\"potentialAction\":[{\"@type\":\"ReadAction\",\"target\":[\"http:\/\/www.labbz.it\/wp\/2017\/10\/26\/grieserplatz-protest-action-gegen-durchzugs-verkehr-piazza-gries-protesta-dei-cittadini-contro-il-traffico-soffocante\/\"]}]},{\"@type\":\"ImageObject\",\"inLanguage\":\"en-GB\",\"@id\":\"http:\/\/www.labbz.it\/wp\/2017\/10\/26\/grieserplatz-protest-action-gegen-durchzugs-verkehr-piazza-gries-protesta-dei-cittadini-contro-il-traffico-soffocante\/#primaryimage\",\"url\":\"http:\/\/www.labbz.it\/wp\/wp-content\/uploads\/2017\/10\/20171026_0749_IMG_0073.jpg\",\"contentUrl\":\"http:\/\/www.labbz.it\/wp\/wp-content\/uploads\/2017\/10\/20171026_0749_IMG_0073.jpg\",\"width\":3264,\"height\":2448},{\"@type\":\"BreadcrumbList\",\"@id\":\"http:\/\/www.labbz.it\/wp\/2017\/10\/26\/grieserplatz-protest-action-gegen-durchzugs-verkehr-piazza-gries-protesta-dei-cittadini-contro-il-traffico-soffocante\/#breadcrumb\",\"itemListElement\":[{\"@type\":\"ListItem\",\"position\":1,\"name\":\"Home\",\"item\":\"http:\/\/www.labbz.it\/wp\/\"},{\"@type\":\"ListItem\",\"position\":2,\"name\":\"Grieserplatz-Protest action gegen Durchzugs-Verkehr &#8211; piazza Gries- protesta dei cittadini contro il traffico soffocante\"}]},{\"@type\":\"WebSite\",\"@id\":\"http:\/\/www.labbz.it\/wp\/#website\",\"url\":\"http:\/\/www.labbz.it\/wp\/\",\"name\":\"lab:bz\",\"description\":\"offenes Stadtlabor Bozen \u2013 Bolzano laboratorio aperto\",\"potentialAction\":[{\"@type\":\"SearchAction\",\"target\":{\"@type\":\"EntryPoint\",\"urlTemplate\":\"http:\/\/www.labbz.it\/wp\/?s={search_term_string}\"},\"query-input\":{\"@type\":\"PropertyValueSpecification\",\"valueRequired\":true,\"valueName\":\"search_term_string\"}}],\"inLanguage\":\"en-GB\"},{\"@type\":\"Person\",\"@id\":\"http:\/\/www.labbz.it\/wp\/#\/schema\/person\/7f298a9c58d82fcc048f69a15867283d\",\"name\":\"Bernhard Oberrauch\",\"image\":{\"@type\":\"ImageObject\",\"inLanguage\":\"en-GB\",\"@id\":\"http:\/\/www.labbz.it\/wp\/#\/schema\/person\/image\/\",\"url\":\"https:\/\/secure.gravatar.com\/avatar\/1a7658518c80808548247d9176f5b87aed4ffb27797a3b8bf85c88e996849bed?s=96&d=mm&r=g\",\"contentUrl\":\"https:\/\/secure.gravatar.com\/avatar\/1a7658518c80808548247d9176f5b87aed4ffb27797a3b8bf85c88e996849bed?s=96&d=mm&r=g\",\"caption\":\"Bernhard Oberrauch\"},\"url\":\"http:\/\/www.labbz.it\/wp\/author\/bernhard\/\"}]}<\/script>\n<!-- \/ Yoast SEO plugin. -->","yoast_head_json":{"title":"Grieserplatz-Protest action gegen Durchzugs-Verkehr - piazza Gries- protesta dei cittadini contro il traffico soffocante - lab:bz","robots":{"index":"index","follow":"follow","max-snippet":"max-snippet:-1","max-image-preview":"max-image-preview:large","max-video-preview":"max-video-preview:-1"},"canonical":"http:\/\/www.labbz.it\/wp\/2017\/10\/26\/grieserplatz-protest-action-gegen-durchzugs-verkehr-piazza-gries-protesta-dei-cittadini-contro-il-traffico-soffocante\/","og_locale":"en_GB","og_type":"article","og_title":"Grieserplatz-Protest action gegen Durchzugs-Verkehr - piazza Gries- protesta dei cittadini contro il traffico soffocante - lab:bz","og_description":"Stadtviertelrat Gries-Quirein \u2013 24.10.2017 Solidarit\u00e4t mit den verkehrsgeplagten B\u00fcrgerinnen &amp; B\u00fcrgern in Gries Der Stadtviertelrat Gries-Quirein hat in seiner gestrigen Sitzung einstimmig beschlossen, die Protestaktion vom Donnerstag 26.10, 7.20h, gegen die unhaltbare Verkehrsbelastung im Zentrum von Gries zu unterst\u00fctzen, diese Anliegen der B\u00fcrger weiter ernst zu nehmen und sie auf politischer Ebene konsequent weiterzutragen. Zugleich [&hellip;]","og_url":"http:\/\/www.labbz.it\/wp\/2017\/10\/26\/grieserplatz-protest-action-gegen-durchzugs-verkehr-piazza-gries-protesta-dei-cittadini-contro-il-traffico-soffocante\/","og_site_name":"lab:bz","article_published_time":"2017-10-26T20:09:43+00:00","article_modified_time":"2026-01-09T17:17:18+00:00","og_image":[{"width":1024,"height":768,"url":"http:\/\/www.labbz.it\/wp\/wp-content\/uploads\/2017\/10\/20171026_0749_IMG_0073-1024x768.jpg","type":"image\/jpeg"}],"author":"Bernhard Oberrauch","twitter_card":"summary_large_image","twitter_misc":{"Written by":"Bernhard Oberrauch","Estimated reading time":"2 minutes"},"schema":{"@context":"https:\/\/schema.org","@graph":[{"@type":"Article","@id":"http:\/\/www.labbz.it\/wp\/2017\/10\/26\/grieserplatz-protest-action-gegen-durchzugs-verkehr-piazza-gries-protesta-dei-cittadini-contro-il-traffico-soffocante\/#article","isPartOf":{"@id":"http:\/\/www.labbz.it\/wp\/2017\/10\/26\/grieserplatz-protest-action-gegen-durchzugs-verkehr-piazza-gries-protesta-dei-cittadini-contro-il-traffico-soffocante\/"},"author":{"name":"Bernhard Oberrauch","@id":"http:\/\/www.labbz.it\/wp\/#\/schema\/person\/7f298a9c58d82fcc048f69a15867283d"},"headline":"Grieserplatz-Protest action gegen Durchzugs-Verkehr &#8211; piazza Gries- protesta dei cittadini contro il traffico soffocante","datePublished":"2017-10-26T20:09:43+00:00","dateModified":"2026-01-09T17:17:18+00:00","mainEntityOfPage":{"@id":"http:\/\/www.labbz.it\/wp\/2017\/10\/26\/grieserplatz-protest-action-gegen-durchzugs-verkehr-piazza-gries-protesta-dei-cittadini-contro-il-traffico-soffocante\/"},"wordCount":438,"image":{"@id":"http:\/\/www.labbz.it\/wp\/2017\/10\/26\/grieserplatz-protest-action-gegen-durchzugs-verkehr-piazza-gries-protesta-dei-cittadini-contro-il-traffico-soffocante\/#primaryimage"},"thumbnailUrl":"http:\/\/www.labbz.it\/wp\/wp-content\/uploads\/2017\/10\/20171026_0749_IMG_0073.jpg","articleSection":["Mobilit\u00e4t","sustainable urban planning"],"inLanguage":"en-GB"},{"@type":"WebPage","@id":"http:\/\/www.labbz.it\/wp\/2017\/10\/26\/grieserplatz-protest-action-gegen-durchzugs-verkehr-piazza-gries-protesta-dei-cittadini-contro-il-traffico-soffocante\/","url":"http:\/\/www.labbz.it\/wp\/2017\/10\/26\/grieserplatz-protest-action-gegen-durchzugs-verkehr-piazza-gries-protesta-dei-cittadini-contro-il-traffico-soffocante\/","name":"Grieserplatz-Protest action gegen Durchzugs-Verkehr - piazza Gries- protesta dei cittadini contro il traffico soffocante - lab:bz","isPartOf":{"@id":"http:\/\/www.labbz.it\/wp\/#website"},"primaryImageOfPage":{"@id":"http:\/\/www.labbz.it\/wp\/2017\/10\/26\/grieserplatz-protest-action-gegen-durchzugs-verkehr-piazza-gries-protesta-dei-cittadini-contro-il-traffico-soffocante\/#primaryimage"},"image":{"@id":"http:\/\/www.labbz.it\/wp\/2017\/10\/26\/grieserplatz-protest-action-gegen-durchzugs-verkehr-piazza-gries-protesta-dei-cittadini-contro-il-traffico-soffocante\/#primaryimage"},"thumbnailUrl":"http:\/\/www.labbz.it\/wp\/wp-content\/uploads\/2017\/10\/20171026_0749_IMG_0073.jpg","datePublished":"2017-10-26T20:09:43+00:00","dateModified":"2026-01-09T17:17:18+00:00","author":{"@id":"http:\/\/www.labbz.it\/wp\/#\/schema\/person\/7f298a9c58d82fcc048f69a15867283d"},"breadcrumb":{"@id":"http:\/\/www.labbz.it\/wp\/2017\/10\/26\/grieserplatz-protest-action-gegen-durchzugs-verkehr-piazza-gries-protesta-dei-cittadini-contro-il-traffico-soffocante\/#breadcrumb"},"inLanguage":"en-GB","potentialAction":[{"@type":"ReadAction","target":["http:\/\/www.labbz.it\/wp\/2017\/10\/26\/grieserplatz-protest-action-gegen-durchzugs-verkehr-piazza-gries-protesta-dei-cittadini-contro-il-traffico-soffocante\/"]}]},{"@type":"ImageObject","inLanguage":"en-GB","@id":"http:\/\/www.labbz.it\/wp\/2017\/10\/26\/grieserplatz-protest-action-gegen-durchzugs-verkehr-piazza-gries-protesta-dei-cittadini-contro-il-traffico-soffocante\/#primaryimage","url":"http:\/\/www.labbz.it\/wp\/wp-content\/uploads\/2017\/10\/20171026_0749_IMG_0073.jpg","contentUrl":"http:\/\/www.labbz.it\/wp\/wp-content\/uploads\/2017\/10\/20171026_0749_IMG_0073.jpg","width":3264,"height":2448},{"@type":"BreadcrumbList","@id":"http:\/\/www.labbz.it\/wp\/2017\/10\/26\/grieserplatz-protest-action-gegen-durchzugs-verkehr-piazza-gries-protesta-dei-cittadini-contro-il-traffico-soffocante\/#breadcrumb","itemListElement":[{"@type":"ListItem","position":1,"name":"Home","item":"http:\/\/www.labbz.it\/wp\/"},{"@type":"ListItem","position":2,"name":"Grieserplatz-Protest action gegen Durchzugs-Verkehr &#8211; piazza Gries- protesta dei cittadini contro il traffico soffocante"}]},{"@type":"WebSite","@id":"http:\/\/www.labbz.it\/wp\/#website","url":"http:\/\/www.labbz.it\/wp\/","name":"lab:bz","description":"offenes Stadtlabor Bozen \u2013 Bolzano laboratorio aperto","potentialAction":[{"@type":"SearchAction","target":{"@type":"EntryPoint","urlTemplate":"http:\/\/www.labbz.it\/wp\/?s={search_term_string}"},"query-input":{"@type":"PropertyValueSpecification","valueRequired":true,"valueName":"search_term_string"}}],"inLanguage":"en-GB"},{"@type":"Person","@id":"http:\/\/www.labbz.it\/wp\/#\/schema\/person\/7f298a9c58d82fcc048f69a15867283d","name":"Bernhard Oberrauch","image":{"@type":"ImageObject","inLanguage":"en-GB","@id":"http:\/\/www.labbz.it\/wp\/#\/schema\/person\/image\/","url":"https:\/\/secure.gravatar.com\/avatar\/1a7658518c80808548247d9176f5b87aed4ffb27797a3b8bf85c88e996849bed?s=96&d=mm&r=g","contentUrl":"https:\/\/secure.gravatar.com\/avatar\/1a7658518c80808548247d9176f5b87aed4ffb27797a3b8bf85c88e996849bed?s=96&d=mm&r=g","caption":"Bernhard Oberrauch"},"url":"http:\/\/www.labbz.it\/wp\/author\/bernhard\/"}]}},"_links":{"self":[{"href":"http:\/\/www.labbz.it\/wp\/wp-json\/wp\/v2\/posts\/263","targetHints":{"allow":["GET"]}}],"collection":[{"href":"http:\/\/www.labbz.it\/wp\/wp-json\/wp\/v2\/posts"}],"about":[{"href":"http:\/\/www.labbz.it\/wp\/wp-json\/wp\/v2\/types\/post"}],"author":[{"embeddable":true,"href":"http:\/\/www.labbz.it\/wp\/wp-json\/wp\/v2\/users\/2"}],"replies":[{"embeddable":true,"href":"http:\/\/www.labbz.it\/wp\/wp-json\/wp\/v2\/comments?post=263"}],"version-history":[{"count":4,"href":"http:\/\/www.labbz.it\/wp\/wp-json\/wp\/v2\/posts\/263\/revisions"}],"predecessor-version":[{"id":269,"href":"http:\/\/www.labbz.it\/wp\/wp-json\/wp\/v2\/posts\/263\/revisions\/269"}],"wp:featuredmedia":[{"embeddable":true,"href":"http:\/\/www.labbz.it\/wp\/wp-json\/wp\/v2\/media\/264"}],"wp:attachment":[{"href":"http:\/\/www.labbz.it\/wp\/wp-json\/wp\/v2\/media?parent=263"}],"wp:term":[{"taxonomy":"category","embeddable":true,"href":"http:\/\/www.labbz.it\/wp\/wp-json\/wp\/v2\/categories?post=263"},{"taxonomy":"post_tag","embeddable":true,"href":"http:\/\/www.labbz.it\/wp\/wp-json\/wp\/v2\/tags?post=263"}],"curies":[{"name":"wp","href":"https:\/\/api.w.org\/{rel}","templated":true}]}}