{"id":352,"date":"2018-07-11T16:03:39","date_gmt":"2018-07-11T15:03:39","guid":{"rendered":"http:\/\/www.labbz.it\/?p=352"},"modified":"2018-07-11T16:03:39","modified_gmt":"2018-07-11T15:03:39","slug":"jan-gehl-bozenbolzanobulsan","status":"publish","type":"post","link":"http:\/\/www.labbz.it\/wp\/2018\/07\/11\/jan-gehl-bozenbolzanobulsan\/","title":{"rendered":"Jan Gehl @ Bozen\/Bolzano\/Bulsan"},"content":{"rendered":"<h1>Jan Gehl in Bozen<\/h1>\n<p>Im Rahmen seines Vortrages in der UniBZ am 25. Mai wurde Prof. Jan Gehl aus Kopenhagen von Vertretern des Lab:Bz zu einem Stadtrundgang eingeladen und bei dieser Gelegenheit in den R\u00e4umen des Lab:Bz in den Bozner Lauben die Stadtentwicklung von Bozen erl\u00e4utert. Die Begehung der Bozner Lauben erweckte in Prof. Jan Gehl offensichtlich gro\u00dfe Begeisterung f\u00fcr die stark belebte Laubengasse mit Fu\u00dfgehern, Radfahrern, miteinander plauschenden Menschen in der mittelalterlichen Baustruktur von Bozen. Dabei warf Jan Gehl die Frage auf, ob die Bozner Lauben nicht von der UNESCO als Weltkulturerbe anerkannt wurde, wie etwa die Altstadt von Tallin oder Riga. Nach seiner Meinung w\u00e4ren die Voraussetzungen daf\u00fcr gegeben! Die erlebte Situation in den Bozner Lauben entspricht im Wesentlichen den im Vortrag von Jan Gehl dargestellten Szenen von \u00f6ffentlichen R\u00e4umen im menschlichen Ma\u00dfstab (human scale) startend von Lucca, \u00fcber Copenhagen, bis New York, Moskau und Sidney.<\/p>\n<p>Zur Vertiefung empfiehlt sich die Lekt\u00fcre seines in vielen Sprachen \u00fcbersetzten Standartwerkes <i>St\u00e4dte f\u00fcr Menschen<\/i> (<i>Cities for People<\/i> oder <i>vita in citt\u00e0<\/i>).<\/p>\n<h1>Jan Gehl a Bolzano<\/h1>\n<p>Durante la sua permanenza a Bolzano il professore danese Jan Gehl (Kopenhagen), che il 25 maggio, nell\u2019ambito delle \u201egiornate dell\u2019Architettura 2018\u201c aveva tenuto la sua conferenza nella Libera Universit\u00e0 di Bolzano, \u00e8 stato invitato dai rappresentanti di lab:bz_laboratorio urbano a visitare insieme la citt\u00e0. Nella sede di lab:bz sotto i portici gli \u00e8 stato esposto lo sviluppo urbano di Bolzano. Gehl \u00e8 rimasto impressionato in modo molto positivo dalla vitalit\u00e0 di questa parte di citt\u00e0 con i suoi pedoni, ciclisti e la gente che socializza in questo quartiere storico. Ha posto la domanda, come mai Bolzano non sia gi\u00e0 stata dichiarata parte del \u201epatrimonio culturale dell\u2019UNESCO\u201c come Tallin o Riga. La situazione che ha potuto vivere in questa parte della citt\u00e0 corrisponde alle sue idee sugli spazi pubblici (da Lucca a New York, Moskau, Sidney e Copenhagen) da lui propagate nelle sue conferenze, film e libri (human scale).<\/p>\n<p>Per approfondire l\u2019argomento si consiglia la lettura del volume standard \u201e<i> Cities for People<\/i> ( <i>vita in citt\u00e0).<\/i><\/p>\n<p>Lab:Bz<\/p>\n","protected":false},"excerpt":{"rendered":"<p>Jan Gehl in Bozen Im Rahmen seines Vortrages in der UniBZ am 25. Mai wurde Prof. Jan Gehl aus Kopenhagen von Vertretern des Lab:Bz zu einem Stadtrundgang eingeladen und bei dieser Gelegenheit in den R\u00e4umen des Lab:Bz in den Bozner Lauben die Stadtentwicklung von Bozen erl\u00e4utert. Die Begehung der Bozner Lauben erweckte in Prof. Jan [&hellip;]<\/p>\n","protected":false},"author":2,"featured_media":353,"comment_status":"closed","ping_status":"open","sticky":false,"template":"","format":"standard","meta":{"footnotes":""},"categories":[8,14],"tags":[],"class_list":["post-352","post","type-post","status-publish","format-standard","has-post-thumbnail","hentry","category-mobilitat","category-sustainable-urban-planning"],"yoast_head":"<!-- This site is optimized with the Yoast SEO plugin v26.7 - https:\/\/yoast.com\/wordpress\/plugins\/seo\/ -->\n<title>Jan Gehl @ Bozen\/Bolzano\/Bulsan - lab:bz<\/title>\n<meta name=\"robots\" content=\"index, follow, max-snippet:-1, max-image-preview:large, max-video-preview:-1\" \/>\n<link rel=\"canonical\" href=\"http:\/\/www.labbz.it\/wp\/2018\/07\/11\/jan-gehl-bozenbolzanobulsan\/\" \/>\n<meta property=\"og:locale\" content=\"en_GB\" \/>\n<meta property=\"og:type\" content=\"article\" \/>\n<meta property=\"og:title\" content=\"Jan Gehl @ Bozen\/Bolzano\/Bulsan - lab:bz\" \/>\n<meta property=\"og:description\" content=\"Jan Gehl in Bozen Im Rahmen seines Vortrages in der UniBZ am 25. Mai wurde Prof. Jan Gehl aus Kopenhagen von Vertretern des Lab:Bz zu einem Stadtrundgang eingeladen und bei dieser Gelegenheit in den R\u00e4umen des Lab:Bz in den Bozner Lauben die Stadtentwicklung von Bozen erl\u00e4utert. Die Begehung der Bozner Lauben erweckte in Prof. Jan [&hellip;]\" \/>\n<meta property=\"og:url\" content=\"http:\/\/www.labbz.it\/wp\/2018\/07\/11\/jan-gehl-bozenbolzanobulsan\/\" \/>\n<meta property=\"og:site_name\" content=\"lab:bz\" \/>\n<meta property=\"article:published_time\" content=\"2018-07-11T15:03:39+00:00\" \/>\n<meta property=\"og:image\" content=\"http:\/\/www.labbz.it\/wp\/wp-content\/uploads\/2018\/07\/20180525_1913_IMG_2304k.jpg\" \/>\n\t<meta property=\"og:image:width\" content=\"1000\" \/>\n\t<meta property=\"og:image:height\" content=\"750\" \/>\n\t<meta property=\"og:image:type\" content=\"image\/jpeg\" \/>\n<meta name=\"author\" content=\"Bernhard Oberrauch\" \/>\n<meta name=\"twitter:card\" content=\"summary_large_image\" \/>\n<meta name=\"twitter:label1\" content=\"Written by\" \/>\n\t<meta name=\"twitter:data1\" content=\"Bernhard Oberrauch\" \/>\n\t<meta name=\"twitter:label2\" content=\"Estimated reading time\" \/>\n\t<meta name=\"twitter:data2\" content=\"2 minutes\" \/>\n<script type=\"application\/ld+json\" class=\"yoast-schema-graph\">{\"@context\":\"https:\/\/schema.org\",\"@graph\":[{\"@type\":\"Article\",\"@id\":\"http:\/\/www.labbz.it\/wp\/2018\/07\/11\/jan-gehl-bozenbolzanobulsan\/#article\",\"isPartOf\":{\"@id\":\"http:\/\/www.labbz.it\/wp\/2018\/07\/11\/jan-gehl-bozenbolzanobulsan\/\"},\"author\":{\"name\":\"Bernhard Oberrauch\",\"@id\":\"http:\/\/www.labbz.it\/wp\/#\/schema\/person\/7f298a9c58d82fcc048f69a15867283d\"},\"headline\":\"Jan Gehl @ Bozen\/Bolzano\/Bulsan\",\"datePublished\":\"2018-07-11T15:03:39+00:00\",\"mainEntityOfPage\":{\"@id\":\"http:\/\/www.labbz.it\/wp\/2018\/07\/11\/jan-gehl-bozenbolzanobulsan\/\"},\"wordCount\":360,\"image\":{\"@id\":\"http:\/\/www.labbz.it\/wp\/2018\/07\/11\/jan-gehl-bozenbolzanobulsan\/#primaryimage\"},\"thumbnailUrl\":\"http:\/\/www.labbz.it\/wp\/wp-content\/uploads\/2018\/07\/20180525_1913_IMG_2304k.jpg\",\"articleSection\":[\"Mobilit\u00e4t\",\"sustainable urban planning\"],\"inLanguage\":\"en-GB\"},{\"@type\":\"WebPage\",\"@id\":\"http:\/\/www.labbz.it\/wp\/2018\/07\/11\/jan-gehl-bozenbolzanobulsan\/\",\"url\":\"http:\/\/www.labbz.it\/wp\/2018\/07\/11\/jan-gehl-bozenbolzanobulsan\/\",\"name\":\"Jan Gehl @ Bozen\/Bolzano\/Bulsan - lab:bz\",\"isPartOf\":{\"@id\":\"http:\/\/www.labbz.it\/wp\/#website\"},\"primaryImageOfPage\":{\"@id\":\"http:\/\/www.labbz.it\/wp\/2018\/07\/11\/jan-gehl-bozenbolzanobulsan\/#primaryimage\"},\"image\":{\"@id\":\"http:\/\/www.labbz.it\/wp\/2018\/07\/11\/jan-gehl-bozenbolzanobulsan\/#primaryimage\"},\"thumbnailUrl\":\"http:\/\/www.labbz.it\/wp\/wp-content\/uploads\/2018\/07\/20180525_1913_IMG_2304k.jpg\",\"datePublished\":\"2018-07-11T15:03:39+00:00\",\"author\":{\"@id\":\"http:\/\/www.labbz.it\/wp\/#\/schema\/person\/7f298a9c58d82fcc048f69a15867283d\"},\"breadcrumb\":{\"@id\":\"http:\/\/www.labbz.it\/wp\/2018\/07\/11\/jan-gehl-bozenbolzanobulsan\/#breadcrumb\"},\"inLanguage\":\"en-GB\",\"potentialAction\":[{\"@type\":\"ReadAction\",\"target\":[\"http:\/\/www.labbz.it\/wp\/2018\/07\/11\/jan-gehl-bozenbolzanobulsan\/\"]}]},{\"@type\":\"ImageObject\",\"inLanguage\":\"en-GB\",\"@id\":\"http:\/\/www.labbz.it\/wp\/2018\/07\/11\/jan-gehl-bozenbolzanobulsan\/#primaryimage\",\"url\":\"http:\/\/www.labbz.it\/wp\/wp-content\/uploads\/2018\/07\/20180525_1913_IMG_2304k.jpg\",\"contentUrl\":\"http:\/\/www.labbz.it\/wp\/wp-content\/uploads\/2018\/07\/20180525_1913_IMG_2304k.jpg\",\"width\":1000,\"height\":750},{\"@type\":\"BreadcrumbList\",\"@id\":\"http:\/\/www.labbz.it\/wp\/2018\/07\/11\/jan-gehl-bozenbolzanobulsan\/#breadcrumb\",\"itemListElement\":[{\"@type\":\"ListItem\",\"position\":1,\"name\":\"Home\",\"item\":\"http:\/\/www.labbz.it\/wp\/\"},{\"@type\":\"ListItem\",\"position\":2,\"name\":\"Jan Gehl @ Bozen\/Bolzano\/Bulsan\"}]},{\"@type\":\"WebSite\",\"@id\":\"http:\/\/www.labbz.it\/wp\/#website\",\"url\":\"http:\/\/www.labbz.it\/wp\/\",\"name\":\"lab:bz\",\"description\":\"offenes Stadtlabor Bozen \u2013 Bolzano laboratorio aperto\",\"potentialAction\":[{\"@type\":\"SearchAction\",\"target\":{\"@type\":\"EntryPoint\",\"urlTemplate\":\"http:\/\/www.labbz.it\/wp\/?s={search_term_string}\"},\"query-input\":{\"@type\":\"PropertyValueSpecification\",\"valueRequired\":true,\"valueName\":\"search_term_string\"}}],\"inLanguage\":\"en-GB\"},{\"@type\":\"Person\",\"@id\":\"http:\/\/www.labbz.it\/wp\/#\/schema\/person\/7f298a9c58d82fcc048f69a15867283d\",\"name\":\"Bernhard Oberrauch\",\"image\":{\"@type\":\"ImageObject\",\"inLanguage\":\"en-GB\",\"@id\":\"http:\/\/www.labbz.it\/wp\/#\/schema\/person\/image\/\",\"url\":\"https:\/\/secure.gravatar.com\/avatar\/1a7658518c80808548247d9176f5b87aed4ffb27797a3b8bf85c88e996849bed?s=96&d=mm&r=g\",\"contentUrl\":\"https:\/\/secure.gravatar.com\/avatar\/1a7658518c80808548247d9176f5b87aed4ffb27797a3b8bf85c88e996849bed?s=96&d=mm&r=g\",\"caption\":\"Bernhard Oberrauch\"},\"url\":\"http:\/\/www.labbz.it\/wp\/author\/bernhard\/\"}]}<\/script>\n<!-- \/ Yoast SEO plugin. -->","yoast_head_json":{"title":"Jan Gehl @ Bozen\/Bolzano\/Bulsan - lab:bz","robots":{"index":"index","follow":"follow","max-snippet":"max-snippet:-1","max-image-preview":"max-image-preview:large","max-video-preview":"max-video-preview:-1"},"canonical":"http:\/\/www.labbz.it\/wp\/2018\/07\/11\/jan-gehl-bozenbolzanobulsan\/","og_locale":"en_GB","og_type":"article","og_title":"Jan Gehl @ Bozen\/Bolzano\/Bulsan - lab:bz","og_description":"Jan Gehl in Bozen Im Rahmen seines Vortrages in der UniBZ am 25. Mai wurde Prof. Jan Gehl aus Kopenhagen von Vertretern des Lab:Bz zu einem Stadtrundgang eingeladen und bei dieser Gelegenheit in den R\u00e4umen des Lab:Bz in den Bozner Lauben die Stadtentwicklung von Bozen erl\u00e4utert. Die Begehung der Bozner Lauben erweckte in Prof. Jan [&hellip;]","og_url":"http:\/\/www.labbz.it\/wp\/2018\/07\/11\/jan-gehl-bozenbolzanobulsan\/","og_site_name":"lab:bz","article_published_time":"2018-07-11T15:03:39+00:00","og_image":[{"width":1000,"height":750,"url":"http:\/\/www.labbz.it\/wp\/wp-content\/uploads\/2018\/07\/20180525_1913_IMG_2304k.jpg","type":"image\/jpeg"}],"author":"Bernhard Oberrauch","twitter_card":"summary_large_image","twitter_misc":{"Written by":"Bernhard Oberrauch","Estimated reading time":"2 minutes"},"schema":{"@context":"https:\/\/schema.org","@graph":[{"@type":"Article","@id":"http:\/\/www.labbz.it\/wp\/2018\/07\/11\/jan-gehl-bozenbolzanobulsan\/#article","isPartOf":{"@id":"http:\/\/www.labbz.it\/wp\/2018\/07\/11\/jan-gehl-bozenbolzanobulsan\/"},"author":{"name":"Bernhard Oberrauch","@id":"http:\/\/www.labbz.it\/wp\/#\/schema\/person\/7f298a9c58d82fcc048f69a15867283d"},"headline":"Jan Gehl @ Bozen\/Bolzano\/Bulsan","datePublished":"2018-07-11T15:03:39+00:00","mainEntityOfPage":{"@id":"http:\/\/www.labbz.it\/wp\/2018\/07\/11\/jan-gehl-bozenbolzanobulsan\/"},"wordCount":360,"image":{"@id":"http:\/\/www.labbz.it\/wp\/2018\/07\/11\/jan-gehl-bozenbolzanobulsan\/#primaryimage"},"thumbnailUrl":"http:\/\/www.labbz.it\/wp\/wp-content\/uploads\/2018\/07\/20180525_1913_IMG_2304k.jpg","articleSection":["Mobilit\u00e4t","sustainable urban planning"],"inLanguage":"en-GB"},{"@type":"WebPage","@id":"http:\/\/www.labbz.it\/wp\/2018\/07\/11\/jan-gehl-bozenbolzanobulsan\/","url":"http:\/\/www.labbz.it\/wp\/2018\/07\/11\/jan-gehl-bozenbolzanobulsan\/","name":"Jan Gehl @ Bozen\/Bolzano\/Bulsan - lab:bz","isPartOf":{"@id":"http:\/\/www.labbz.it\/wp\/#website"},"primaryImageOfPage":{"@id":"http:\/\/www.labbz.it\/wp\/2018\/07\/11\/jan-gehl-bozenbolzanobulsan\/#primaryimage"},"image":{"@id":"http:\/\/www.labbz.it\/wp\/2018\/07\/11\/jan-gehl-bozenbolzanobulsan\/#primaryimage"},"thumbnailUrl":"http:\/\/www.labbz.it\/wp\/wp-content\/uploads\/2018\/07\/20180525_1913_IMG_2304k.jpg","datePublished":"2018-07-11T15:03:39+00:00","author":{"@id":"http:\/\/www.labbz.it\/wp\/#\/schema\/person\/7f298a9c58d82fcc048f69a15867283d"},"breadcrumb":{"@id":"http:\/\/www.labbz.it\/wp\/2018\/07\/11\/jan-gehl-bozenbolzanobulsan\/#breadcrumb"},"inLanguage":"en-GB","potentialAction":[{"@type":"ReadAction","target":["http:\/\/www.labbz.it\/wp\/2018\/07\/11\/jan-gehl-bozenbolzanobulsan\/"]}]},{"@type":"ImageObject","inLanguage":"en-GB","@id":"http:\/\/www.labbz.it\/wp\/2018\/07\/11\/jan-gehl-bozenbolzanobulsan\/#primaryimage","url":"http:\/\/www.labbz.it\/wp\/wp-content\/uploads\/2018\/07\/20180525_1913_IMG_2304k.jpg","contentUrl":"http:\/\/www.labbz.it\/wp\/wp-content\/uploads\/2018\/07\/20180525_1913_IMG_2304k.jpg","width":1000,"height":750},{"@type":"BreadcrumbList","@id":"http:\/\/www.labbz.it\/wp\/2018\/07\/11\/jan-gehl-bozenbolzanobulsan\/#breadcrumb","itemListElement":[{"@type":"ListItem","position":1,"name":"Home","item":"http:\/\/www.labbz.it\/wp\/"},{"@type":"ListItem","position":2,"name":"Jan Gehl @ Bozen\/Bolzano\/Bulsan"}]},{"@type":"WebSite","@id":"http:\/\/www.labbz.it\/wp\/#website","url":"http:\/\/www.labbz.it\/wp\/","name":"lab:bz","description":"offenes Stadtlabor Bozen \u2013 Bolzano laboratorio aperto","potentialAction":[{"@type":"SearchAction","target":{"@type":"EntryPoint","urlTemplate":"http:\/\/www.labbz.it\/wp\/?s={search_term_string}"},"query-input":{"@type":"PropertyValueSpecification","valueRequired":true,"valueName":"search_term_string"}}],"inLanguage":"en-GB"},{"@type":"Person","@id":"http:\/\/www.labbz.it\/wp\/#\/schema\/person\/7f298a9c58d82fcc048f69a15867283d","name":"Bernhard Oberrauch","image":{"@type":"ImageObject","inLanguage":"en-GB","@id":"http:\/\/www.labbz.it\/wp\/#\/schema\/person\/image\/","url":"https:\/\/secure.gravatar.com\/avatar\/1a7658518c80808548247d9176f5b87aed4ffb27797a3b8bf85c88e996849bed?s=96&d=mm&r=g","contentUrl":"https:\/\/secure.gravatar.com\/avatar\/1a7658518c80808548247d9176f5b87aed4ffb27797a3b8bf85c88e996849bed?s=96&d=mm&r=g","caption":"Bernhard Oberrauch"},"url":"http:\/\/www.labbz.it\/wp\/author\/bernhard\/"}]}},"_links":{"self":[{"href":"http:\/\/www.labbz.it\/wp\/wp-json\/wp\/v2\/posts\/352","targetHints":{"allow":["GET"]}}],"collection":[{"href":"http:\/\/www.labbz.it\/wp\/wp-json\/wp\/v2\/posts"}],"about":[{"href":"http:\/\/www.labbz.it\/wp\/wp-json\/wp\/v2\/types\/post"}],"author":[{"embeddable":true,"href":"http:\/\/www.labbz.it\/wp\/wp-json\/wp\/v2\/users\/2"}],"replies":[{"embeddable":true,"href":"http:\/\/www.labbz.it\/wp\/wp-json\/wp\/v2\/comments?post=352"}],"version-history":[{"count":1,"href":"http:\/\/www.labbz.it\/wp\/wp-json\/wp\/v2\/posts\/352\/revisions"}],"predecessor-version":[{"id":354,"href":"http:\/\/www.labbz.it\/wp\/wp-json\/wp\/v2\/posts\/352\/revisions\/354"}],"wp:featuredmedia":[{"embeddable":true,"href":"http:\/\/www.labbz.it\/wp\/wp-json\/wp\/v2\/media\/353"}],"wp:attachment":[{"href":"http:\/\/www.labbz.it\/wp\/wp-json\/wp\/v2\/media?parent=352"}],"wp:term":[{"taxonomy":"category","embeddable":true,"href":"http:\/\/www.labbz.it\/wp\/wp-json\/wp\/v2\/categories?post=352"},{"taxonomy":"post_tag","embeddable":true,"href":"http:\/\/www.labbz.it\/wp\/wp-json\/wp\/v2\/tags?post=352"}],"curies":[{"name":"wp","href":"https:\/\/api.w.org\/{rel}","templated":true}]}}