{"id":382,"date":"2019-06-13T05:06:38","date_gmt":"2019-06-13T04:06:38","guid":{"rendered":"http:\/\/www.labbz.it\/?p=382"},"modified":"2019-06-13T05:06:41","modified_gmt":"2019-06-13T04:06:41","slug":"in-piazza","status":"publish","type":"post","link":"http:\/\/www.labbz.it\/wp\/2019\/06\/13\/in-piazza\/","title":{"rendered":"\u201cin piazza\u201d"},"content":{"rendered":"\n<h2 class=\"wp-block-heading\">Conferenza stampa:<br> <strong>\u201cin piazza\u201d<\/strong><br><\/h2>\n\n\n\n<p><strong>venerd\u00ec 14 giugno, ore 10.30,<br> Piazza Vittoria &#8211; porticato davanti al Tiffany<\/strong><\/p>\n\n\n\n<p><em>Le tre colonne portanti della citt\u00e0 di Bolzano sono: salute, economia e cultura, e tutte e tre si basano su uno spazio pubblico vivibile.<\/em><\/p>\n\n\n\n<p><em>Lab:bz si \u00e8 da tempo dedicata a fare delle proposte &#8211; anche attraverso la partecipazione &#8211;  per uno sviluppo sostenibile di questi spazi:<\/em><\/p>\n\n\n\n<p><strong>1-        Lavoro per i cittadini: informazione e trasparenza<\/strong><\/p>\n\n\n\n<p>lab:bz organizza ora questa conferenza stampa per chiedere informazione chiara e trasparente per i cittadini: il coordinamento delle grandi opere nello spazio pubblico deve essere comunicato ai cittadini tramite comunicati periodici pubblicati adeguatamente e non solo tramite il sito comunale!<\/p>\n\n\n\n<p><strong>2-          Piazza Vittoria<\/strong><\/p>\n\n\n\n<p>\u00b7       Nell\u2019ambito del nostro lavoro svolto per migliorare la situazione nei vari quartieri con i metodi della partecipazione, ci siamo dedicati alla riqualificazione di Piazza Vittoria, che fra poco verr\u00e0 liberata dal parcheggio in superficie: presenteremo i risultati in breve.<br>\n\u00b7       Oltre a noi stanno lavorando anche ricercatori dell\u2019Universit\u00e0 con il progetto  interdisciplinare \u201cgreenCITIES\u201d.<br>\n\u00b7       Chiediamo al Comune di Bolzano di coinvolgere il \u201c Comitato provinciale per la cultura architettonica ed il paesaggio\u201d, per ottenere un parere qualificato sulla proposta di sistemazione della piazza finora formulata in Comune.<\/p>\n\n\n\n<p><strong>3-         Museo \u00d6tzi\/asse della Cultura\/Polo Bibliotecario<\/strong><\/p>\n\n\n\n<p>\u00b7      ci siamo occupati anche del museo \u00d6tzi e l\u2019asse dei musei\/della cultura come possibilit\u00e0 di creare un plusvalore nei vari quartieri della citt\u00e0 e per questo abbiamo organizzato il 9 maggio il convegno sul futuro delle biblioteche.<br>\n\u00b7       Stiamo organizzando un\u2019azione chiamata \u201cin piazza\u201d<\/p>\n\n\n\n<p><strong>4-       Visioni<\/strong><\/p>\n\n\n\n<p>oltre a questi lavori a piccola scala chiediamo che vengano sviluppate delle                    visioni concrete per la citt\u00e0 nel 2030:<\/p>\n\n\n\n<p>dal PUMS  al Piano Strategico per la citt\u00e0 all\u2019interno della nuova Legge  Urbanistica fino all\u2019ARBO: ci vuole un unica visione sostenibile per la citt\u00e0 per non finire nelle mani di investitori che hanno altri obiettivi<\/p>\n\n\n\n<p><em>Lab:bz_laboratorio urbano_Stadtlabor<\/em><\/p>\n\n\n\n<p><\/p>\n","protected":false},"excerpt":{"rendered":"<p>Conferenza stampa: \u201cin piazza\u201d venerd\u00ec 14 giugno, ore 10.30, Piazza Vittoria &#8211; porticato davanti al Tiffany Le tre colonne portanti della citt\u00e0 di Bolzano sono: salute, economia e cultura, e tutte e tre si basano su uno spazio pubblico vivibile. Lab:bz si \u00e8 da tempo dedicata a fare delle proposte &#8211; anche attraverso la partecipazione [&hellip;]<\/p>\n","protected":false},"author":2,"featured_media":383,"comment_status":"closed","ping_status":"open","sticky":false,"template":"","format":"standard","meta":{"footnotes":""},"categories":[14],"tags":[],"class_list":["post-382","post","type-post","status-publish","format-standard","has-post-thumbnail","hentry","category-sustainable-urban-planning"],"yoast_head":"<!-- This site is optimized with the Yoast SEO plugin v26.7 - https:\/\/yoast.com\/wordpress\/plugins\/seo\/ -->\n<title>\u201cin piazza\u201d - lab:bz<\/title>\n<meta name=\"robots\" content=\"index, follow, max-snippet:-1, max-image-preview:large, max-video-preview:-1\" \/>\n<link rel=\"canonical\" href=\"http:\/\/www.labbz.it\/wp\/2019\/06\/13\/in-piazza\/\" \/>\n<meta property=\"og:locale\" content=\"en_GB\" \/>\n<meta property=\"og:type\" content=\"article\" \/>\n<meta property=\"og:title\" content=\"\u201cin piazza\u201d - lab:bz\" \/>\n<meta property=\"og:description\" content=\"Conferenza stampa: \u201cin piazza\u201d venerd\u00ec 14 giugno, ore 10.30, Piazza Vittoria &#8211; porticato davanti al Tiffany Le tre colonne portanti della citt\u00e0 di Bolzano sono: salute, economia e cultura, e tutte e tre si basano su uno spazio pubblico vivibile. Lab:bz si \u00e8 da tempo dedicata a fare delle proposte &#8211; anche attraverso la partecipazione [&hellip;]\" \/>\n<meta property=\"og:url\" content=\"http:\/\/www.labbz.it\/wp\/2019\/06\/13\/in-piazza\/\" \/>\n<meta property=\"og:site_name\" content=\"lab:bz\" \/>\n<meta property=\"article:published_time\" content=\"2019-06-13T04:06:38+00:00\" \/>\n<meta property=\"article:modified_time\" content=\"2019-06-13T04:06:41+00:00\" \/>\n<meta property=\"og:image\" content=\"http:\/\/www.labbz.it\/wp\/wp-content\/uploads\/2019\/06\/20190612_1442_IMG_7051.jpg\" \/>\n\t<meta property=\"og:image:width\" content=\"1067\" \/>\n\t<meta property=\"og:image:height\" content=\"800\" \/>\n\t<meta property=\"og:image:type\" content=\"image\/jpeg\" \/>\n<meta name=\"author\" content=\"Bernhard Oberrauch\" \/>\n<meta name=\"twitter:card\" content=\"summary_large_image\" \/>\n<meta name=\"twitter:label1\" content=\"Written by\" \/>\n\t<meta name=\"twitter:data1\" content=\"Bernhard Oberrauch\" \/>\n\t<meta name=\"twitter:label2\" content=\"Estimated reading time\" \/>\n\t<meta name=\"twitter:data2\" content=\"2 minutes\" \/>\n<script type=\"application\/ld+json\" class=\"yoast-schema-graph\">{\"@context\":\"https:\/\/schema.org\",\"@graph\":[{\"@type\":\"Article\",\"@id\":\"http:\/\/www.labbz.it\/wp\/2019\/06\/13\/in-piazza\/#article\",\"isPartOf\":{\"@id\":\"http:\/\/www.labbz.it\/wp\/2019\/06\/13\/in-piazza\/\"},\"author\":{\"name\":\"Bernhard Oberrauch\",\"@id\":\"http:\/\/www.labbz.it\/wp\/#\/schema\/person\/7f298a9c58d82fcc048f69a15867283d\"},\"headline\":\"\u201cin piazza\u201d\",\"datePublished\":\"2019-06-13T04:06:38+00:00\",\"dateModified\":\"2019-06-13T04:06:41+00:00\",\"mainEntityOfPage\":{\"@id\":\"http:\/\/www.labbz.it\/wp\/2019\/06\/13\/in-piazza\/\"},\"wordCount\":316,\"image\":{\"@id\":\"http:\/\/www.labbz.it\/wp\/2019\/06\/13\/in-piazza\/#primaryimage\"},\"thumbnailUrl\":\"http:\/\/www.labbz.it\/wp\/wp-content\/uploads\/2019\/06\/20190612_1442_IMG_7051.jpg\",\"articleSection\":[\"sustainable urban planning\"],\"inLanguage\":\"en-GB\"},{\"@type\":\"WebPage\",\"@id\":\"http:\/\/www.labbz.it\/wp\/2019\/06\/13\/in-piazza\/\",\"url\":\"http:\/\/www.labbz.it\/wp\/2019\/06\/13\/in-piazza\/\",\"name\":\"\u201cin piazza\u201d - lab:bz\",\"isPartOf\":{\"@id\":\"http:\/\/www.labbz.it\/wp\/#website\"},\"primaryImageOfPage\":{\"@id\":\"http:\/\/www.labbz.it\/wp\/2019\/06\/13\/in-piazza\/#primaryimage\"},\"image\":{\"@id\":\"http:\/\/www.labbz.it\/wp\/2019\/06\/13\/in-piazza\/#primaryimage\"},\"thumbnailUrl\":\"http:\/\/www.labbz.it\/wp\/wp-content\/uploads\/2019\/06\/20190612_1442_IMG_7051.jpg\",\"datePublished\":\"2019-06-13T04:06:38+00:00\",\"dateModified\":\"2019-06-13T04:06:41+00:00\",\"author\":{\"@id\":\"http:\/\/www.labbz.it\/wp\/#\/schema\/person\/7f298a9c58d82fcc048f69a15867283d\"},\"breadcrumb\":{\"@id\":\"http:\/\/www.labbz.it\/wp\/2019\/06\/13\/in-piazza\/#breadcrumb\"},\"inLanguage\":\"en-GB\",\"potentialAction\":[{\"@type\":\"ReadAction\",\"target\":[\"http:\/\/www.labbz.it\/wp\/2019\/06\/13\/in-piazza\/\"]}]},{\"@type\":\"ImageObject\",\"inLanguage\":\"en-GB\",\"@id\":\"http:\/\/www.labbz.it\/wp\/2019\/06\/13\/in-piazza\/#primaryimage\",\"url\":\"http:\/\/www.labbz.it\/wp\/wp-content\/uploads\/2019\/06\/20190612_1442_IMG_7051.jpg\",\"contentUrl\":\"http:\/\/www.labbz.it\/wp\/wp-content\/uploads\/2019\/06\/20190612_1442_IMG_7051.jpg\",\"width\":1067,\"height\":800},{\"@type\":\"BreadcrumbList\",\"@id\":\"http:\/\/www.labbz.it\/wp\/2019\/06\/13\/in-piazza\/#breadcrumb\",\"itemListElement\":[{\"@type\":\"ListItem\",\"position\":1,\"name\":\"Home\",\"item\":\"http:\/\/www.labbz.it\/wp\/\"},{\"@type\":\"ListItem\",\"position\":2,\"name\":\"\u201cin piazza\u201d\"}]},{\"@type\":\"WebSite\",\"@id\":\"http:\/\/www.labbz.it\/wp\/#website\",\"url\":\"http:\/\/www.labbz.it\/wp\/\",\"name\":\"lab:bz\",\"description\":\"offenes Stadtlabor Bozen \u2013 Bolzano laboratorio aperto\",\"potentialAction\":[{\"@type\":\"SearchAction\",\"target\":{\"@type\":\"EntryPoint\",\"urlTemplate\":\"http:\/\/www.labbz.it\/wp\/?s={search_term_string}\"},\"query-input\":{\"@type\":\"PropertyValueSpecification\",\"valueRequired\":true,\"valueName\":\"search_term_string\"}}],\"inLanguage\":\"en-GB\"},{\"@type\":\"Person\",\"@id\":\"http:\/\/www.labbz.it\/wp\/#\/schema\/person\/7f298a9c58d82fcc048f69a15867283d\",\"name\":\"Bernhard Oberrauch\",\"image\":{\"@type\":\"ImageObject\",\"inLanguage\":\"en-GB\",\"@id\":\"http:\/\/www.labbz.it\/wp\/#\/schema\/person\/image\/\",\"url\":\"https:\/\/secure.gravatar.com\/avatar\/1a7658518c80808548247d9176f5b87aed4ffb27797a3b8bf85c88e996849bed?s=96&d=mm&r=g\",\"contentUrl\":\"https:\/\/secure.gravatar.com\/avatar\/1a7658518c80808548247d9176f5b87aed4ffb27797a3b8bf85c88e996849bed?s=96&d=mm&r=g\",\"caption\":\"Bernhard Oberrauch\"},\"url\":\"http:\/\/www.labbz.it\/wp\/author\/bernhard\/\"}]}<\/script>\n<!-- \/ Yoast SEO plugin. -->","yoast_head_json":{"title":"\u201cin piazza\u201d - lab:bz","robots":{"index":"index","follow":"follow","max-snippet":"max-snippet:-1","max-image-preview":"max-image-preview:large","max-video-preview":"max-video-preview:-1"},"canonical":"http:\/\/www.labbz.it\/wp\/2019\/06\/13\/in-piazza\/","og_locale":"en_GB","og_type":"article","og_title":"\u201cin piazza\u201d - lab:bz","og_description":"Conferenza stampa: \u201cin piazza\u201d venerd\u00ec 14 giugno, ore 10.30, Piazza Vittoria &#8211; porticato davanti al Tiffany Le tre colonne portanti della citt\u00e0 di Bolzano sono: salute, economia e cultura, e tutte e tre si basano su uno spazio pubblico vivibile. Lab:bz si \u00e8 da tempo dedicata a fare delle proposte &#8211; anche attraverso la partecipazione [&hellip;]","og_url":"http:\/\/www.labbz.it\/wp\/2019\/06\/13\/in-piazza\/","og_site_name":"lab:bz","article_published_time":"2019-06-13T04:06:38+00:00","article_modified_time":"2019-06-13T04:06:41+00:00","og_image":[{"width":1067,"height":800,"url":"http:\/\/www.labbz.it\/wp\/wp-content\/uploads\/2019\/06\/20190612_1442_IMG_7051.jpg","type":"image\/jpeg"}],"author":"Bernhard Oberrauch","twitter_card":"summary_large_image","twitter_misc":{"Written by":"Bernhard Oberrauch","Estimated reading time":"2 minutes"},"schema":{"@context":"https:\/\/schema.org","@graph":[{"@type":"Article","@id":"http:\/\/www.labbz.it\/wp\/2019\/06\/13\/in-piazza\/#article","isPartOf":{"@id":"http:\/\/www.labbz.it\/wp\/2019\/06\/13\/in-piazza\/"},"author":{"name":"Bernhard Oberrauch","@id":"http:\/\/www.labbz.it\/wp\/#\/schema\/person\/7f298a9c58d82fcc048f69a15867283d"},"headline":"\u201cin piazza\u201d","datePublished":"2019-06-13T04:06:38+00:00","dateModified":"2019-06-13T04:06:41+00:00","mainEntityOfPage":{"@id":"http:\/\/www.labbz.it\/wp\/2019\/06\/13\/in-piazza\/"},"wordCount":316,"image":{"@id":"http:\/\/www.labbz.it\/wp\/2019\/06\/13\/in-piazza\/#primaryimage"},"thumbnailUrl":"http:\/\/www.labbz.it\/wp\/wp-content\/uploads\/2019\/06\/20190612_1442_IMG_7051.jpg","articleSection":["sustainable urban planning"],"inLanguage":"en-GB"},{"@type":"WebPage","@id":"http:\/\/www.labbz.it\/wp\/2019\/06\/13\/in-piazza\/","url":"http:\/\/www.labbz.it\/wp\/2019\/06\/13\/in-piazza\/","name":"\u201cin piazza\u201d - lab:bz","isPartOf":{"@id":"http:\/\/www.labbz.it\/wp\/#website"},"primaryImageOfPage":{"@id":"http:\/\/www.labbz.it\/wp\/2019\/06\/13\/in-piazza\/#primaryimage"},"image":{"@id":"http:\/\/www.labbz.it\/wp\/2019\/06\/13\/in-piazza\/#primaryimage"},"thumbnailUrl":"http:\/\/www.labbz.it\/wp\/wp-content\/uploads\/2019\/06\/20190612_1442_IMG_7051.jpg","datePublished":"2019-06-13T04:06:38+00:00","dateModified":"2019-06-13T04:06:41+00:00","author":{"@id":"http:\/\/www.labbz.it\/wp\/#\/schema\/person\/7f298a9c58d82fcc048f69a15867283d"},"breadcrumb":{"@id":"http:\/\/www.labbz.it\/wp\/2019\/06\/13\/in-piazza\/#breadcrumb"},"inLanguage":"en-GB","potentialAction":[{"@type":"ReadAction","target":["http:\/\/www.labbz.it\/wp\/2019\/06\/13\/in-piazza\/"]}]},{"@type":"ImageObject","inLanguage":"en-GB","@id":"http:\/\/www.labbz.it\/wp\/2019\/06\/13\/in-piazza\/#primaryimage","url":"http:\/\/www.labbz.it\/wp\/wp-content\/uploads\/2019\/06\/20190612_1442_IMG_7051.jpg","contentUrl":"http:\/\/www.labbz.it\/wp\/wp-content\/uploads\/2019\/06\/20190612_1442_IMG_7051.jpg","width":1067,"height":800},{"@type":"BreadcrumbList","@id":"http:\/\/www.labbz.it\/wp\/2019\/06\/13\/in-piazza\/#breadcrumb","itemListElement":[{"@type":"ListItem","position":1,"name":"Home","item":"http:\/\/www.labbz.it\/wp\/"},{"@type":"ListItem","position":2,"name":"\u201cin piazza\u201d"}]},{"@type":"WebSite","@id":"http:\/\/www.labbz.it\/wp\/#website","url":"http:\/\/www.labbz.it\/wp\/","name":"lab:bz","description":"offenes Stadtlabor Bozen \u2013 Bolzano laboratorio aperto","potentialAction":[{"@type":"SearchAction","target":{"@type":"EntryPoint","urlTemplate":"http:\/\/www.labbz.it\/wp\/?s={search_term_string}"},"query-input":{"@type":"PropertyValueSpecification","valueRequired":true,"valueName":"search_term_string"}}],"inLanguage":"en-GB"},{"@type":"Person","@id":"http:\/\/www.labbz.it\/wp\/#\/schema\/person\/7f298a9c58d82fcc048f69a15867283d","name":"Bernhard Oberrauch","image":{"@type":"ImageObject","inLanguage":"en-GB","@id":"http:\/\/www.labbz.it\/wp\/#\/schema\/person\/image\/","url":"https:\/\/secure.gravatar.com\/avatar\/1a7658518c80808548247d9176f5b87aed4ffb27797a3b8bf85c88e996849bed?s=96&d=mm&r=g","contentUrl":"https:\/\/secure.gravatar.com\/avatar\/1a7658518c80808548247d9176f5b87aed4ffb27797a3b8bf85c88e996849bed?s=96&d=mm&r=g","caption":"Bernhard Oberrauch"},"url":"http:\/\/www.labbz.it\/wp\/author\/bernhard\/"}]}},"_links":{"self":[{"href":"http:\/\/www.labbz.it\/wp\/wp-json\/wp\/v2\/posts\/382","targetHints":{"allow":["GET"]}}],"collection":[{"href":"http:\/\/www.labbz.it\/wp\/wp-json\/wp\/v2\/posts"}],"about":[{"href":"http:\/\/www.labbz.it\/wp\/wp-json\/wp\/v2\/types\/post"}],"author":[{"embeddable":true,"href":"http:\/\/www.labbz.it\/wp\/wp-json\/wp\/v2\/users\/2"}],"replies":[{"embeddable":true,"href":"http:\/\/www.labbz.it\/wp\/wp-json\/wp\/v2\/comments?post=382"}],"version-history":[{"count":4,"href":"http:\/\/www.labbz.it\/wp\/wp-json\/wp\/v2\/posts\/382\/revisions"}],"predecessor-version":[{"id":388,"href":"http:\/\/www.labbz.it\/wp\/wp-json\/wp\/v2\/posts\/382\/revisions\/388"}],"wp:featuredmedia":[{"embeddable":true,"href":"http:\/\/www.labbz.it\/wp\/wp-json\/wp\/v2\/media\/383"}],"wp:attachment":[{"href":"http:\/\/www.labbz.it\/wp\/wp-json\/wp\/v2\/media?parent=382"}],"wp:term":[{"taxonomy":"category","embeddable":true,"href":"http:\/\/www.labbz.it\/wp\/wp-json\/wp\/v2\/categories?post=382"},{"taxonomy":"post_tag","embeddable":true,"href":"http:\/\/www.labbz.it\/wp\/wp-json\/wp\/v2\/tags?post=382"}],"curies":[{"name":"wp","href":"https:\/\/api.w.org\/{rel}","templated":true}]}}